{"id":468,"date":"2024-09-15T11:49:34","date_gmt":"2024-09-15T11:49:34","guid":{"rendered":"https:\/\/www.lesabot.de\/?p=468"},"modified":"2024-09-15T11:49:36","modified_gmt":"2024-09-15T11:49:36","slug":"donnerstag-10-oktober-1900-uhr-buchladen-le-sabot-breite-str-76-bonn-spur-und-abweg-lesung-mit-kurt-tallert","status":"publish","type":"post","link":"https:\/\/www.lesabot.de\/index.php\/2024\/09\/15\/donnerstag-10-oktober-1900-uhr-buchladen-le-sabot-breite-str-76-bonn-spur-und-abweg-lesung-mit-kurt-tallert\/","title":{"rendered":"Donnerstag, 10. Oktober, 19:00 Uhr, Buchladen Le Sabot, Breite Str. 76, Bonn:\u00a0 &#8220;Spur und Abweg&#8221; &#8211; Lesung mit Kurt Tallert"},"content":{"rendered":"\n<p><strong>Eine deutsch-j\u00fcdische Familie, ein Vater, der \u00fcberlebte, und die Spuren einer verlorenen Identit\u00e4t<\/strong><\/p>\n\n\n\n<p>In \u203aSpur und Abweg\u2039 stellt Kurt Tallert sich der Verfolgungsgeschichte seiner Familie. Das Besondere an seinem Schicksal und seiner Perspektive auf die deutsche Geschichte: Kurt Tallert ist heute 37 Jahre alt, und doch wurde sein Vater als junger Mann noch von den Nazis als sogenannter Halbjude verfolgt. Bei der Geburt seines Sohnes ist Harry Tallert 58 Jahre alt. Und stirbt zw\u00f6lf Jahre sp\u00e4ter. Was bleibt sind Erinnerungen, Notizen, Briefe, Fotos. Spuren eines besch\u00e4digten Lebens. Auf diesen Spuren wandelt Kurt Tallert. Sie f\u00fchren ihn ins Bad Honnef seiner Kindheit, in zahllosen Regionalz\u00fcgen quer durch die Republik und schlie\u00dflich zu seiner j\u00fcdischen Urgro\u00dfmutter Berta &#8211; und zu der Frage: Was hat das eigentlich alles mit mir zu tun?<br><br>KURT TALLERT wurde 1986 in Bad Honnef geboren und studierte Germanistik und Hispanistik in Aachen und Santiago de Chile. Unter dem K\u00fcnstlernamen \u00bbRETROGOTT\u00ab pr\u00e4gt er als Rapper, DJ und Produzent seit mehr als zwanzig Jahren die deutsche Hip-Hop-Szene und ver\u00f6ffentlichte zahlreiche Alben. \u203aSpur und Abweg\u2039 ist sein schriftstellerisches Deb\u00fct.<br><br>Veranstaltet vom Verein zur F\u00f6rderung politischer Bildung &amp; Kultur e.V. und dem AK f\u00fcr studentische Kultur &amp; Politik an der Uni Bonn.<\/p>\n\n\n\n<p>Eintritt frei.<\/p>\n\n\n\n<p>Mehr zu Buch und Autor:<\/p>\n\n\n\n<p><a href=\"https:\/\/www.dumont-buchverlag.de\/buch\/kurt-tallert-spur-und-abweg-9783832168360-t-5893\">https:\/\/www.dumont-buchverlag.de\/buch\/kurt-tallert-spur-und-abweg-9783832168360-t-5893<\/a><\/p>\n","protected":false},"excerpt":{"rendered":"<p>Eine deutsch-j\u00fcdische Familie, ein Vater, der \u00fcberlebte, und die Spuren einer verlorenen Identit\u00e4t In \u203aSpur und Abweg\u2039 stellt Kurt Tallert sich der Verfolgungsgeschichte seiner Familie. Das Besondere an seinem Schicksal und seiner Perspektive auf die deutsche Geschichte: Kurt Tallert ist heute 37 Jahre alt, und doch wurde sein Vater als junger Mann noch von den&hellip;&nbsp;<a href=\"https:\/\/www.lesabot.de\/index.php\/2024\/09\/15\/donnerstag-10-oktober-1900-uhr-buchladen-le-sabot-breite-str-76-bonn-spur-und-abweg-lesung-mit-kurt-tallert\/\" rel=\"bookmark\">Read More &raquo;<span class=\"screen-reader-text\">Donnerstag, 10. Oktober, 19:00 Uhr, Buchladen Le Sabot, Breite Str. 76, Bonn:\u00a0 &#8220;Spur und Abweg&#8221; &#8211; Lesung mit Kurt Tallert<\/span><\/a><\/p>\n","protected":false},"author":1,"featured_media":0,"comment_status":"closed","ping_status":"closed","sticky":false,"template":"","format":"standard","meta":{"neve_meta_sidebar":"","neve_meta_container":"","neve_meta_enable_content_width":"","neve_meta_content_width":0,"neve_meta_title_alignment":"","neve_meta_author_avatar":"","neve_post_elements_order":"","neve_meta_disable_header":"","neve_meta_disable_footer":"","neve_meta_disable_title":"","footnotes":""},"categories":[1],"tags":[10,7,11],"class_list":["post-468","post","type-post","status-publish","format-standard","hentry","category-uncategorized","tag-deutsch-judische-familie","tag-lesung","tag-retrogott"],"_links":{"self":[{"href":"https:\/\/www.lesabot.de\/index.php\/wp-json\/wp\/v2\/posts\/468","targetHints":{"allow":["GET"]}}],"collection":[{"href":"https:\/\/www.lesabot.de\/index.php\/wp-json\/wp\/v2\/posts"}],"about":[{"href":"https:\/\/www.lesabot.de\/index.php\/wp-json\/wp\/v2\/types\/post"}],"author":[{"embeddable":true,"href":"https:\/\/www.lesabot.de\/index.php\/wp-json\/wp\/v2\/users\/1"}],"replies":[{"embeddable":true,"href":"https:\/\/www.lesabot.de\/index.php\/wp-json\/wp\/v2\/comments?post=468"}],"version-history":[{"count":2,"href":"https:\/\/www.lesabot.de\/index.php\/wp-json\/wp\/v2\/posts\/468\/revisions"}],"predecessor-version":[{"id":470,"href":"https:\/\/www.lesabot.de\/index.php\/wp-json\/wp\/v2\/posts\/468\/revisions\/470"}],"wp:attachment":[{"href":"https:\/\/www.lesabot.de\/index.php\/wp-json\/wp\/v2\/media?parent=468"}],"wp:term":[{"taxonomy":"category","embeddable":true,"href":"https:\/\/www.lesabot.de\/index.php\/wp-json\/wp\/v2\/categories?post=468"},{"taxonomy":"post_tag","embeddable":true,"href":"https:\/\/www.lesabot.de\/index.php\/wp-json\/wp\/v2\/tags?post=468"}],"curies":[{"name":"wp","href":"https:\/\/api.w.org\/{rel}","templated":true}]}}